{"id":1325,"date":"2017-08-21T03:15:25","date_gmt":"2017-08-21T03:15:25","guid":{"rendered":"http:\/\/dev.joomexp.com\/wordpress\/wp-organic2\/?p=1325"},"modified":"2017-09-17T19:54:23","modified_gmt":"2017-09-17T19:54:23","slug":"tasty-copy-2","status":"publish","type":"post","link":"https:\/\/www.valedasarvinda.pt\/?p=1325","title":{"rendered":"Inicia\u00e7\u00e3o \u00e0 Apicultura"},"content":{"rendered":"<p><a href=\"http:\/\/www.valedasarvinda.pt\/wp-content\/uploads\/2017\/09\/Cartaz-Inicia\u00e7\u00e3o-\u00e0-Apicultura.png\"><img loading=\"lazy\" decoding=\"async\" class=\"alignnone size-medium wp-image-3927\" src=\"http:\/\/www.valedasarvinda.pt\/wp-content\/uploads\/2017\/09\/Cartaz-Inicia\u00e7\u00e3o-\u00e0-Apicultura-212x300.png\" alt=\"\" width=\"212\" height=\"300\" srcset=\"https:\/\/www.valedasarvinda.pt\/wp-content\/uploads\/2017\/09\/Cartaz-Inicia\u00e7\u00e3o-\u00e0-Apicultura-212x300.png 212w, https:\/\/www.valedasarvinda.pt\/wp-content\/uploads\/2017\/09\/Cartaz-Inicia\u00e7\u00e3o-\u00e0-Apicultura-600x851.png 600w, https:\/\/www.valedasarvinda.pt\/wp-content\/uploads\/2017\/09\/Cartaz-Inicia\u00e7\u00e3o-\u00e0-Apicultura-722x1024.png 722w, https:\/\/www.valedasarvinda.pt\/wp-content\/uploads\/2017\/09\/Cartaz-Inicia\u00e7\u00e3o-\u00e0-Apicultura-624x885.png 624w, https:\/\/www.valedasarvinda.pt\/wp-content\/uploads\/2017\/09\/Cartaz-Inicia\u00e7\u00e3o-\u00e0-Apicultura.png 741w\" sizes=\"auto, (max-width: 212px) 100vw, 212px\" \/><\/a><\/p>\n","protected":false},"excerpt":{"rendered":"","protected":false},"author":1,"featured_media":3927,"comment_status":"open","ping_status":"open","sticky":false,"template":"","format":"standard","meta":{"footnotes":""},"categories":[24],"tags":[],"class_list":["post-1325","post","type-post","status-publish","format-standard","has-post-thumbnail","hentry","category-blog"],"_links":{"self":[{"href":"https:\/\/www.valedasarvinda.pt\/index.php?rest_route=\/wp\/v2\/posts\/1325","targetHints":{"allow":["GET"]}}],"collection":[{"href":"https:\/\/www.valedasarvinda.pt\/index.php?rest_route=\/wp\/v2\/posts"}],"about":[{"href":"https:\/\/www.valedasarvinda.pt\/index.php?rest_route=\/wp\/v2\/types\/post"}],"author":[{"embeddable":true,"href":"https:\/\/www.valedasarvinda.pt\/index.php?rest_route=\/wp\/v2\/users\/1"}],"replies":[{"embeddable":true,"href":"https:\/\/www.valedasarvinda.pt\/index.php?rest_route=%2Fwp%2Fv2%2Fcomments&post=1325"}],"version-history":[{"count":2,"href":"https:\/\/www.valedasarvinda.pt\/index.php?rest_route=\/wp\/v2\/posts\/1325\/revisions"}],"predecessor-version":[{"id":3932,"href":"https:\/\/www.valedasarvinda.pt\/index.php?rest_route=\/wp\/v2\/posts\/1325\/revisions\/3932"}],"wp:featuredmedia":[{"embeddable":true,"href":"https:\/\/www.valedasarvinda.pt\/index.php?rest_route=\/wp\/v2\/media\/3927"}],"wp:attachment":[{"href":"https:\/\/www.valedasarvinda.pt\/index.php?rest_route=%2Fwp%2Fv2%2Fmedia&parent=1325"}],"wp:term":[{"taxonomy":"category","embeddable":true,"href":"https:\/\/www.valedasarvinda.pt\/index.php?rest_route=%2Fwp%2Fv2%2Fcategories&post=1325"},{"taxonomy":"post_tag","embeddable":true,"href":"https:\/\/www.valedasarvinda.pt\/index.php?rest_route=%2Fwp%2Fv2%2Ftags&post=1325"}],"curies":[{"name":"wp","href":"https:\/\/api.w.org\/{rel}","templated":true}]}}