{"id":1323,"date":"2015-12-06T03:15:16","date_gmt":"2015-12-06T03:15:16","guid":{"rendered":"http:\/\/dev.joomexp.com\/wordpress\/wp-organic2\/?p=1323"},"modified":"2017-09-17T18:17:14","modified_gmt":"2017-09-17T18:17:14","slug":"convergencia-de-permacultura","status":"publish","type":"post","link":"https:\/\/www.valedasarvinda.pt\/?p=1323","title":{"rendered":"Converg\u00eancia de Permacultura"},"content":{"rendered":"<p>Converg\u00eancia de Permacultura das beiras e alto alentejo<\/p>\n<p>Apresenta\u00e7\u00e3o de projectos. Open space technology. Conv\u00edvio.<\/p>\n<p><span style=\"color: #141823;\">INSCRI\u00c7\u00d5ES LIMITADAS:<\/span><\/p>\n<p><a title=\"Facebook Vale da Sarvinda\" href=\"https:\/\/www.facebook.com\/events\/555157157961723\/\" target=\"_blank\">Facebook Vale da Sarvinda<\/a><\/p>\n<p><span style=\"color: #141823;\"> ou<\/span><\/p>\n<p><span style=\"color: #141823;\"> ( info@valedasarvinda.pt )<\/span><\/p>\n<p><span style=\"color: #141823;\">APARE\u00c7AM!<\/span><\/p>\n<div style=\"width: 707px\" class=\"wp-caption alignnone\"><img loading=\"lazy\" decoding=\"async\" src=\"https:\/\/scontent-b-ams.xx.fbcdn.net\/hphotos-xpf1\/v\/t1.0-9\/1538686_571465752955709_839783122959439182_n.jpg?oh=378cc290da499acc1505d252808d00a0&amp;oe=54D58083\" alt=\"Convergencia de permacultura a 6 de Dezembro\" width=\"697\" height=\"960\" \/><p class=\"wp-caption-text\">Converg\u00eancia de permacultura<\/p><\/div>\n","protected":false},"excerpt":{"rendered":"<p>Converg\u00eancia de Permacultura das beiras e alto alentejo Apresenta\u00e7\u00e3o de projectos. Open space technology. Conv\u00edvio. INSCRI\u00c7\u00d5ES LIMITADAS: Facebook Vale da Sarvinda ou ( info@valedasarvinda.pt ) APARE\u00c7AM!<\/p>\n","protected":false},"author":1,"featured_media":1242,"comment_status":"open","ping_status":"open","sticky":false,"template":"","format":"standard","meta":{"footnotes":""},"categories":[24],"tags":[],"class_list":["post-1323","post","type-post","status-publish","format-standard","has-post-thumbnail","hentry","category-blog"],"_links":{"self":[{"href":"https:\/\/www.valedasarvinda.pt\/index.php?rest_route=\/wp\/v2\/posts\/1323","targetHints":{"allow":["GET"]}}],"collection":[{"href":"https:\/\/www.valedasarvinda.pt\/index.php?rest_route=\/wp\/v2\/posts"}],"about":[{"href":"https:\/\/www.valedasarvinda.pt\/index.php?rest_route=\/wp\/v2\/types\/post"}],"author":[{"embeddable":true,"href":"https:\/\/www.valedasarvinda.pt\/index.php?rest_route=\/wp\/v2\/users\/1"}],"replies":[{"embeddable":true,"href":"https:\/\/www.valedasarvinda.pt\/index.php?rest_route=%2Fwp%2Fv2%2Fcomments&post=1323"}],"version-history":[{"count":3,"href":"https:\/\/www.valedasarvinda.pt\/index.php?rest_route=\/wp\/v2\/posts\/1323\/revisions"}],"predecessor-version":[{"id":3920,"href":"https:\/\/www.valedasarvinda.pt\/index.php?rest_route=\/wp\/v2\/posts\/1323\/revisions\/3920"}],"wp:featuredmedia":[{"embeddable":true,"href":"https:\/\/www.valedasarvinda.pt\/index.php?rest_route=\/wp\/v2\/media\/1242"}],"wp:attachment":[{"href":"https:\/\/www.valedasarvinda.pt\/index.php?rest_route=%2Fwp%2Fv2%2Fmedia&parent=1323"}],"wp:term":[{"taxonomy":"category","embeddable":true,"href":"https:\/\/www.valedasarvinda.pt\/index.php?rest_route=%2Fwp%2Fv2%2Fcategories&post=1323"},{"taxonomy":"post_tag","embeddable":true,"href":"https:\/\/www.valedasarvinda.pt\/index.php?rest_route=%2Fwp%2Fv2%2Ftags&post=1323"}],"curies":[{"name":"wp","href":"https:\/\/api.w.org\/{rel}","templated":true}]}}